{"id":2602,"date":"2026-02-23T11:50:11","date_gmt":"2026-02-23T15:50:11","guid":{"rendered":"https:\/\/ppgenfermagem.ufms.br\/?p=2602"},"modified":"2026-02-23T11:53:16","modified_gmt":"2026-02-23T15:53:16","slug":"english-edital-proaes-prograd-propp-ufms-selecao-para-concessao-de-bolsa-permanencia-para-estudantes-negros-doscursos-de-graduacao-e-de-mestrado-e-doutorado-da-ufms-2026","status":"publish","type":"post","link":"https:\/\/ppgenfermagem.ufms.br\/en\/english-edital-proaes-prograd-propp-ufms-selecao-para-concessao-de-bolsa-permanencia-para-estudantes-negros-doscursos-de-graduacao-e-de-mestrado-e-doutorado-da-ufms-2026\/","title":{"rendered":"(Portugu\u00eas do Brasil) EDITAL PROAES\/PROGRAD\/PROPP\/UFMS &#8211; Sele\u00e7\u00e3o de estudantes negros matriculados em cursos de gradua\u00e7\u00e3o e de p\u00f3s-gradua\u00e7\u00e3o stricto sensu (mestrado e doutorado) da UFMS"},"content":{"rendered":"&nbsp;<\/p>\n<p>&nbsp;","protected":false},"excerpt":{"rendered":"<p>&nbsp; &nbsp;<\/p>\n","protected":false},"author":45435,"featured_media":0,"comment_status":"closed","ping_status":"closed","sticky":false,"template":"","format":"standard","meta":{"footnotes":""},"categories":[2],"tags":[],"coauthors":[6],"class_list":["post-2602","post","type-post","status-publish","format-standard","hentry","category-noticias"],"_links":{"self":[{"href":"https:\/\/ppgenfermagem.ufms.br\/en\/wp-json\/wp\/v2\/posts\/2602","targetHints":{"allow":["GET"]}}],"collection":[{"href":"https:\/\/ppgenfermagem.ufms.br\/en\/wp-json\/wp\/v2\/posts"}],"about":[{"href":"https:\/\/ppgenfermagem.ufms.br\/en\/wp-json\/wp\/v2\/types\/post"}],"author":[{"embeddable":true,"href":"https:\/\/ppgenfermagem.ufms.br\/en\/wp-json\/wp\/v2\/users\/45435"}],"replies":[{"embeddable":true,"href":"https:\/\/ppgenfermagem.ufms.br\/en\/wp-json\/wp\/v2\/comments?post=2602"}],"version-history":[{"count":2,"href":"https:\/\/ppgenfermagem.ufms.br\/en\/wp-json\/wp\/v2\/posts\/2602\/revisions"}],"predecessor-version":[{"id":2606,"href":"https:\/\/ppgenfermagem.ufms.br\/en\/wp-json\/wp\/v2\/posts\/2602\/revisions\/2606"}],"wp:attachment":[{"href":"https:\/\/ppgenfermagem.ufms.br\/en\/wp-json\/wp\/v2\/media?parent=2602"}],"wp:term":[{"taxonomy":"category","embeddable":true,"href":"https:\/\/ppgenfermagem.ufms.br\/en\/wp-json\/wp\/v2\/categories?post=2602"},{"taxonomy":"post_tag","embeddable":true,"href":"https:\/\/ppgenfermagem.ufms.br\/en\/wp-json\/wp\/v2\/tags?post=2602"},{"taxonomy":"author","embeddable":true,"href":"https:\/\/ppgenfermagem.ufms.br\/en\/wp-json\/wp\/v2\/coauthors?post=2602"}],"curies":[{"name":"wp","href":"https:\/\/api.w.org\/{rel}","templated":true}]}}