{"id":2607,"date":"2026-02-23T11:55:29","date_gmt":"2026-02-23T15:55:29","guid":{"rendered":"https:\/\/ppgenfermagem.ufms.br\/?p=2607"},"modified":"2026-02-23T11:55:29","modified_gmt":"2026-02-23T15:55:29","slug":"edital-no-43-2026-propp-ufms-convocacao-para-matricula-dos-candidatos-aprovados-dentro-do-numero-de-vagas-deste-edital","status":"publish","type":"post","link":"https:\/\/ppgenfermagem.ufms.br\/en\/edital-no-43-2026-propp-ufms-convocacao-para-matricula-dos-candidatos-aprovados-dentro-do-numero-de-vagas-deste-edital\/","title":{"rendered":"(Portugu\u00eas do Brasil) EDITAL N\u00ba 43\/2026 &#8211; PROPP\/UFMS &#8211; Convoca\u00e7\u00e3o para matr\u00edcula dos candidatos aprovados dentro do n\u00famero de vagas deste Edital"},"content":{"rendered":"<p class=\"qtranxs-available-languages-message qtranxs-available-languages-message-en\">Sorry, this entry is only available in <a href=\"https:\/\/ppgenfermagem.ufms.br\/pb\/wp-json\/wp\/v2\/posts\/2607\" class=\"qtranxs-available-language-link qtranxs-available-language-link-pb\" title=\"Portugu\u00eas do Brasil\">Portugu\u00eas do Brasil<\/a>.<\/p>","protected":false},"excerpt":{"rendered":"<p>Sorry, this entry is only available in Portugu\u00eas do Brasil.<\/p>\n","protected":false},"author":45435,"featured_media":0,"comment_status":"closed","ping_status":"closed","sticky":false,"template":"","format":"standard","meta":{"footnotes":""},"categories":[2],"tags":[],"coauthors":[6],"class_list":["post-2607","post","type-post","status-publish","format-standard","hentry","category-noticias"],"_links":{"self":[{"href":"https:\/\/ppgenfermagem.ufms.br\/en\/wp-json\/wp\/v2\/posts\/2607","targetHints":{"allow":["GET"]}}],"collection":[{"href":"https:\/\/ppgenfermagem.ufms.br\/en\/wp-json\/wp\/v2\/posts"}],"about":[{"href":"https:\/\/ppgenfermagem.ufms.br\/en\/wp-json\/wp\/v2\/types\/post"}],"author":[{"embeddable":true,"href":"https:\/\/ppgenfermagem.ufms.br\/en\/wp-json\/wp\/v2\/users\/45435"}],"replies":[{"embeddable":true,"href":"https:\/\/ppgenfermagem.ufms.br\/en\/wp-json\/wp\/v2\/comments?post=2607"}],"version-history":[{"count":1,"href":"https:\/\/ppgenfermagem.ufms.br\/en\/wp-json\/wp\/v2\/posts\/2607\/revisions"}],"predecessor-version":[{"id":2609,"href":"https:\/\/ppgenfermagem.ufms.br\/en\/wp-json\/wp\/v2\/posts\/2607\/revisions\/2609"}],"wp:attachment":[{"href":"https:\/\/ppgenfermagem.ufms.br\/en\/wp-json\/wp\/v2\/media?parent=2607"}],"wp:term":[{"taxonomy":"category","embeddable":true,"href":"https:\/\/ppgenfermagem.ufms.br\/en\/wp-json\/wp\/v2\/categories?post=2607"},{"taxonomy":"post_tag","embeddable":true,"href":"https:\/\/ppgenfermagem.ufms.br\/en\/wp-json\/wp\/v2\/tags?post=2607"},{"taxonomy":"author","embeddable":true,"href":"https:\/\/ppgenfermagem.ufms.br\/en\/wp-json\/wp\/v2\/coauthors?post=2607"}],"curies":[{"name":"wp","href":"https:\/\/api.w.org\/{rel}","templated":true}]}}